[{"@context":"https:\/\/schema.org\/","@type":"Article","@id":"https:\/\/www.ebezo.cz\/zahradni-nabytek\/#Article","mainEntityOfPage":"https:\/\/www.ebezo.cz\/zahradni-nabytek\/","headline":"Zahradn\u00ed n\u00e1bytek","name":"Zahradn\u00ed n\u00e1bytek","description":"Zahradn\u00ed n\u00e1bytek je n\u011bco, co jsem si dlouhou dobu \u0159\u00edkala, \u017ee nepot\u0159ebuju. Sta\u010dila mi deka na tr\u00e1v\u011b, p\u00e1r pol\u0161t\u00e1\u0159k\u016f, a bylo hotovo. Ale v\u00edte, jak to je. Postupem \u010dasu si \u010dlov\u011bk za\u010dne zvelebovat zahradu, d\u00e1v\u00e1 tomu v\u00edc p\u00e9\u010de a najednou zjist\u00ed, \u017ee to bez po\u0159\u00e1dn\u00e9ho posezen\u00ed prost\u011b nen\u00ed ono. A dneska? Nedovedu si zahradu bez [&hellip;]","datePublished":"2024-04-29","dateModified":"2024-04-29","author":{"@type":"Person","@id":"https:\/\/www.ebezo.cz\/author\/#Person","name":"","url":"https:\/\/www.ebezo.cz\/author\/","identifier":1,"image":{"@type":"ImageObject","@id":"https:\/\/secure.gravatar.com\/avatar\/6eaf701939e92690bed32d6f2e2c0f9e1355f2e3837c1fb45fbfacf848239e2d?s=96&d=mm&r=g","url":"https:\/\/secure.gravatar.com\/avatar\/6eaf701939e92690bed32d6f2e2c0f9e1355f2e3837c1fb45fbfacf848239e2d?s=96&d=mm&r=g","height":96,"width":96}},"publisher":{"@type":"Organization","name":"ebezo.cz","logo":{"@type":"ImageObject","@id":"\/logo.png","url":"\/logo.png","width":600,"height":60}},"image":{"@type":"ImageObject","@id":"https:\/\/www.ebezo.cz\/wp-content\/uploads\/zaharada-5142273_1280_1.jpg","url":"https:\/\/www.ebezo.cz\/wp-content\/uploads\/zaharada-5142273_1280_1.jpg","height":0,"width":0},"url":"https:\/\/www.ebezo.cz\/zahradni-nabytek\/","about":["Zahrada a d\u016fm"],"wordCount":463,"articleBody":"Zahradn\u00ed n\u00e1bytek je n\u011bco, co jsem si dlouhou dobu \u0159\u00edkala, \u017ee nepot\u0159ebuju. Sta\u010dila mi deka na tr\u00e1v\u011b, p\u00e1r pol\u0161t\u00e1\u0159k\u016f, a bylo hotovo. Ale v\u00edte, jak to je. Postupem \u010dasu si \u010dlov\u011bk za\u010dne zvelebovat zahradu, d\u00e1v\u00e1 tomu v\u00edc p\u00e9\u010de a najednou zjist\u00ed, \u017ee to bez po\u0159\u00e1dn\u00e9ho posezen\u00ed prost\u011b nen\u00ed ono. A dneska? Nedovedu si zahradu bez n\u00e1bytku v\u016fbec p\u0159edstavit.\u00a0Prvn\u00ed v\u011bc, kter\u00e1 m\u011b u zahradn\u00edho n\u00e1bytku napadne, je m\u00edsto na sezen\u00ed. N\u011bjak\u00fd p\u011bkn\u00fd st\u016fl, \u017eidle, lavi\u010dka\u2026 prost\u011b n\u011bco, kde si m\u016f\u017eete sednout, d\u00e1t si kafe nebo kol\u00e1\u010dek a jen tak na chv\u00edli vypnout. J\u00e1 osobn\u011b m\u00e1m st\u016fl a \u017eidle ze d\u0159eva. D\u0159evo m\u00e1 svoje kouzlo, je p\u0159\u00edrodn\u00ed a do zahrady mi to k sob\u011b lad\u00ed. Samoz\u0159ejm\u011b, \u017ee kdy\u017e chcete n\u011bco modern\u011bj\u0161\u00edho, m\u016f\u017eete j\u00edt t\u0159eba do kovu nebo ratanu. Taky to vypad\u00e1 skv\u011ble a m\u00e1 to svoje v\u00fdhody. Ale j\u00e1 si prost\u011b na ten dotek d\u0159eva nem\u016f\u017eu pomoct, k zahrad\u011b mi to pat\u0159\u00ed.\u00a0Pak jsou tu leh\u00e1tka. Ach, ty leh\u00e1tka! Pamatuju si, jak jsem si poprv\u00e9 koupila svoje prvn\u00ed zahradn\u00ed leh\u00e1tko. Lehla jsem si na n\u011bj, slun\u00ed\u010dko m\u011b h\u0159\u00e1lo, a najednou jsem m\u011bla pocit, \u017ee jsem n\u011bkde u mo\u0159e. Bylo to neuv\u011b\u0159iteln\u00e9, jak takov\u00e1 mali\u010dkost dok\u00e1\u017ee zm\u011bnit pohled na relax. A jestli m\u016f\u017eu poradit, k leh\u00e1tku si dejte mal\u00fd stolek. Na drink, na kn\u00ed\u017eku nebo jen tak, abyste m\u011bli kde odlo\u017eit br\u00fdle. Hned je ten pocit \u00fapln\u011b jin\u00fd \u2013 luxusn\u00ed.No a co t\u0159eba houpac\u00ed k\u0159eslo nebo s\u00ed\u0165? Tak to je kapitola sama o sob\u011b. Pro m\u011b je to takov\u00e1 odm\u011bna. P\u0159edstavte si, \u017ee sed\u00edte v houpac\u00edm k\u0159esle ve st\u00ednu strom\u016f, s nohama naho\u0159e, pohupujete se tam a zp\u00e1tky\u2026 \u00dapln\u00fd balz\u00e1m na du\u0161i. A houpac\u00ed s\u00ed\u0165? Ta je u n\u00e1s doma obl\u00edben\u00e1 hlavn\u011b u d\u011bt\u00ed. Ale mus\u00edm se p\u0159iznat, \u017ee ob\u010das tam skon\u010d\u00edm j\u00e1, proto\u017ee ten pocit pohody v s\u00edti je prost\u011b nenahraditeln\u00fd.\u00a0Nezapome\u0148te ale taky na detaily. Pol\u0161t\u00e1\u0159ky, deky, podsed\u00e1ky\u2026 tohle v\u0161echno d\u011bl\u00e1 zahradn\u00ed posezen\u00ed \u00fatuln\u011bj\u0161\u00edm. J\u00e1 m\u00e1m na \u017eidl\u00edch m\u011bkk\u00e9 pol\u0161t\u00e1\u0159e, proto\u017ee dlouh\u00e9 sezen\u00ed na tvrd\u00e9m m\u011b nebav\u00ed, a v\u017edycky m\u00e1m pobl\u00ed\u017e n\u011bjakou deku. Ve\u010der, kdy\u017e u\u017e je chladn\u011bji, se do n\u00ed zabal\u00edm a m\u016f\u017eu si u\u017e\u00edvat zahradu klidn\u011b d\u00e1l.                                                                                                                                                                                                                                                                                                                                                                                        4\/5 - (10 votes)        "},{"@context":"https:\/\/schema.org\/","@type":"BreadcrumbList","itemListElement":[{"@type":"ListItem","position":1,"name":"Zahradn\u00ed n\u00e1bytek","item":"https:\/\/www.ebezo.cz\/zahradni-nabytek\/#breadcrumbitem"}]}]