[{"@context":"https:\/\/schema.org\/","@type":"Article","@id":"https:\/\/www.ebezo.cz\/kdy-se-prestehovat-aby-to-bylo-co-nejmene-stresujici\/#Article","mainEntityOfPage":"https:\/\/www.ebezo.cz\/kdy-se-prestehovat-aby-to-bylo-co-nejmene-stresujici\/","headline":"Kdy se p\u0159est\u011bhovat, aby to bylo co nejm\u00e9n\u011b stresuj\u00edc\u00ed","name":"Kdy se p\u0159est\u011bhovat, aby to bylo co nejm\u00e9n\u011b stresuj\u00edc\u00ed","description":"\u010cek\u00e1 v\u00e1s v dohledn\u00e9 dob\u011b st\u011bhov\u00e1n\u00ed, ale m\u00e1te prozat\u00edm dostatek \u010dasu na to, rozhodnout o vhodn\u00e9m term\u00ednu? Jestli\u017ee je pl\u00e1n akce a jej\u00ed p\u0159esn\u00e9 datum pln\u011b ve va\u0161\u00ed re\u017eii, kdy je nejlep\u0161\u00ed povolat st\u011bhov\u00e1ky na st\u011bhov\u00e1n\u00ed bytu v Praze? Jako v Kulov\u00e9m blesku \u2013 legend\u00e1rn\u00ed film o st\u011bhov\u00e1n\u00ed dvan\u00e1cti rodin z roku 1978 n\u00e1m nazna\u010dil, [&hellip;]","datePublished":"2024-10-06","dateModified":"2024-10-06","author":{"@type":"Person","@id":"https:\/\/www.ebezo.cz\/author\/#Person","name":"","url":"https:\/\/www.ebezo.cz\/author\/","identifier":1,"image":{"@type":"ImageObject","@id":"https:\/\/secure.gravatar.com\/avatar\/6eaf701939e92690bed32d6f2e2c0f9e1355f2e3837c1fb45fbfacf848239e2d?s=96&d=mm&r=g","url":"https:\/\/secure.gravatar.com\/avatar\/6eaf701939e92690bed32d6f2e2c0f9e1355f2e3837c1fb45fbfacf848239e2d?s=96&d=mm&r=g","height":96,"width":96}},"publisher":{"@type":"Organization","name":"ebezo.cz","logo":{"@type":"ImageObject","@id":"\/logo.png","url":"\/logo.png","width":600,"height":60}},"image":{"@type":"ImageObject","@id":"https:\/\/www.ebezo.cz\/wp-content\/uploads\/space-5933930_640.jpg","url":"https:\/\/www.ebezo.cz\/wp-content\/uploads\/space-5933930_640.jpg","height":0,"width":0},"url":"https:\/\/www.ebezo.cz\/kdy-se-prestehovat-aby-to-bylo-co-nejmene-stresujici\/","about":["Byznys"],"wordCount":432,"articleBody":"       \u010cek\u00e1 v\u00e1s v dohledn\u00e9 dob\u011b st\u011bhov\u00e1n\u00ed, ale m\u00e1te prozat\u00edm dostatek \u010dasu na to, rozhodnout o vhodn\u00e9m term\u00ednu? Jestli\u017ee je pl\u00e1n akce a jej\u00ed p\u0159esn\u00e9 datum pln\u011b ve va\u0161\u00ed re\u017eii, kdy je nejlep\u0161\u00ed povolat st\u011bhov\u00e1ky na st\u011bhov\u00e1n\u00ed bytu v Praze?Jako v Kulov\u00e9m blesku \u2013 legend\u00e1rn\u00ed film o st\u011bhov\u00e1n\u00ed dvan\u00e1cti rodin z roku 1978 n\u00e1m nazna\u010dil, \u017ee bychom nem\u011bli podce\u0148ovat obdob\u00ed jarn\u00ed a podzimn\u00ed rovnodennosti. V t\u011bchto dnech panuj\u00ed optim\u00e1ln\u00ed teploty ovzdu\u0161\u00ed, nen\u00ed ani horko, ani zima, m\u016f\u017eete se obl\u00e9knout st\u00e1le nalehko a p\u0159i p\u0159en\u00e1\u0161en\u00ed v\u011bc\u00ed a balen\u00ed do krabic nebude nutn\u00e9 ani topit \u010di p\u0159it\u00e1p\u011bt, a ani zap\u00ednat klimatizaci a ventil\u00e1tory. Jaro a podzim jsou zkr\u00e1tka pro st\u011bhov\u00e1n\u00ed byt\u016f v Praze nejide\u00e1ln\u011bj\u0161\u00ed, tedy konkr\u00e9tn\u011b m\u011bs\u00edce kv\u011bten, \u010derven a z\u00e1\u0159\u00ed. Ve filmu Kulov\u00fd blesk se lid\u00e9 st\u011bhovali v prvn\u00ed polovin\u011b z\u00e1\u0159\u00ed.V\u00edkendy ano \u010di ne \u2013 nejv\u011bt\u0161\u00ed z\u00e1jem o st\u011bhov\u00e1n\u00ed byt\u016f \u010di rodinn\u00fdch dom\u016f je o v\u00edkendech. Lid\u00e9 p\u0159edpokl\u00e1daj\u00ed, \u017ee v p\u00e1tek \u010di v sobotu se p\u0159est\u011bhuj\u00ed, v ned\u011bli vybal\u00ed v\u011bci z krabic a v pond\u011bl\u00ed nastupuj\u00ed do pr\u00e1ce. Tuto stresuj\u00edc\u00ed honi\u010dku si rad\u011bji odpus\u0165te, mnohem lep\u0161\u00ed je zorganizovat st\u011bhov\u00e1n\u00ed tak, \u017ee p\u0159esun v\u011bc\u00ed prob\u011bhne ve st\u0159edu, ve \u010dtvrtek a v p\u00e1tek v poklidu vybal\u00edte v\u011bci z krabic, v sobotu dopoledne provedete zbytek drobn\u00fdch prac\u00ed v\u010detn\u011b \u00faklidu a m\u00e1te zbytek v\u00edkendu voln\u00fd, kdy je v\u00fdhodn\u00e9 odpo\u010d\u00edvat, j\u00edt na proch\u00e1zku nebo se projet na kole, zaplavat si v baz\u00e9nu a dop\u0159\u00e1t si n\u011bjakou dobrou ve\u010de\u0159i.St\u011bhov\u00e1n\u00ed v noci \u2013 kdo z v\u00e1s se nikdy nest\u011bhoval v noci, bude mo\u017en\u00e1 na pochyb\u00e1ch, zda se do n\u011b\u010deho takov\u00e9ho v\u016fbec pustit, ov\u0161em v\u011bzte, \u017ee no\u010dn\u00ed akce m\u00edvaj\u00ed v\u011bt\u0161inou poklidn\u011bj\u0161\u00ed pr\u016fb\u011bh. V tuto dobu je na silnic\u00edch minim\u00e1ln\u00ed provoz a venku na ulici tak\u0159ka nikoho nepotk\u00e1te, tak\u017ee se v\u00e1m tak\u00e9 nikdo nebude pl\u00e9st do cesty, zdr\u017eovat v\u00e1s a otravovat sv\u00fdmi u\u0161t\u011bpa\u010dn\u00fdmi pozn\u00e1mkami. V l\u00e9t\u011b je nav\u00edc v noci p\u0159\u00edjemn\u011bj\u0161\u00ed teplota, ne\u017e ve dne.                                                                                                                                                                                                                                                                                                                                                                                          3.3\/5 - (3 votes)        "},{"@context":"https:\/\/schema.org\/","@type":"BreadcrumbList","itemListElement":[{"@type":"ListItem","position":1,"name":"Kdy se p\u0159est\u011bhovat, aby to bylo co nejm\u00e9n\u011b stresuj\u00edc\u00ed","item":"https:\/\/www.ebezo.cz\/kdy-se-prestehovat-aby-to-bylo-co-nejmene-stresujici\/#breadcrumbitem"}]}]