[{"@context":"https:\/\/schema.org\/","@type":"Article","@id":"https:\/\/www.ebezo.cz\/jak-vysoka-by-mela-byt-trava-na-zahrade\/#Article","mainEntityOfPage":"https:\/\/www.ebezo.cz\/jak-vysoka-by-mela-byt-trava-na-zahrade\/","headline":"Jak vysok\u00e1 by m\u011bla b\u00fdt tr\u00e1va na zahrad\u011b","name":"Jak vysok\u00e1 by m\u011bla b\u00fdt tr\u00e1va na zahrad\u011b","description":"M\u00edt zahradu je i dnes u n\u00e1s pom\u011brn\u011b b\u011b\u017en\u00e9. Pokud v\u0161ak nechceme, aby se z\u00a0n\u00ed stalo doslova zarostl\u00e9 v\u0159esovi\u0161t\u011b, mus\u00edme se o ni starat. A jedn\u00edm ze z\u00e1kladn\u00edch \u00fakon\u016f, kter\u00e9 mus\u00ed na zahrad\u011b prov\u00e1d\u011bt v\u00a0podstat\u011b v\u0161ichni, je mimo jin\u00e9 i sek\u00e1n\u00ed tr\u00e1vy. Kdy\u017e se pod\u00edv\u00e1me na dlouho nesekan\u00fd tr\u00e1vn\u00edk, snadno pochop\u00edme, pro\u010d. Hlavn\u00edm probl\u00e9mem je, [&hellip;]","datePublished":"2024-09-29","dateModified":"2024-09-29","author":{"@type":"Person","@id":"https:\/\/www.ebezo.cz\/author\/#Person","name":"","url":"https:\/\/www.ebezo.cz\/author\/","identifier":1,"image":{"@type":"ImageObject","@id":"https:\/\/secure.gravatar.com\/avatar\/6eaf701939e92690bed32d6f2e2c0f9e1355f2e3837c1fb45fbfacf848239e2d?s=96&d=mm&r=g","url":"https:\/\/secure.gravatar.com\/avatar\/6eaf701939e92690bed32d6f2e2c0f9e1355f2e3837c1fb45fbfacf848239e2d?s=96&d=mm&r=g","height":96,"width":96}},"publisher":{"@type":"Organization","name":"ebezo.cz","logo":{"@type":"ImageObject","@id":"\/logo.png","url":"\/logo.png","width":600,"height":60}},"image":{"@type":"ImageObject","@id":"https:\/\/www.ebezo.cz\/wp-content\/uploads\/zemedelstvi2_10_4.jpg","url":"https:\/\/www.ebezo.cz\/wp-content\/uploads\/zemedelstvi2_10_4.jpg","height":0,"width":0},"url":"https:\/\/www.ebezo.cz\/jak-vysoka-by-mela-byt-trava-na-zahrade\/","about":["Zahrada a d\u016fm"],"wordCount":426,"articleBody":"M\u00edt zahradu je i dnes u n\u00e1s pom\u011brn\u011b b\u011b\u017en\u00e9. Pokud v\u0161ak nechceme, aby se z\u00a0n\u00ed stalo doslova zarostl\u00e9 v\u0159esovi\u0161t\u011b, mus\u00edme se o ni starat. A jedn\u00edm ze z\u00e1kladn\u00edch \u00fakon\u016f, kter\u00e9 mus\u00ed na zahrad\u011b prov\u00e1d\u011bt v\u00a0podstat\u011b v\u0161ichni, je mimo jin\u00e9 i sek\u00e1n\u00ed tr\u00e1vy. Kdy\u017e se pod\u00edv\u00e1me na dlouho nesekan\u00fd tr\u00e1vn\u00edk, snadno pochop\u00edme, pro\u010d. Hlavn\u00edm probl\u00e9mem je, \u017ee vysokou tr\u00e1vou lze velmi t\u011b\u017eko chodit. Zvl\u00e1\u0161t\u011b ti men\u0161\u00ed z\u00a0n\u00e1s p\u0159es ni leckdy ani nevid\u00ed, nebo\u0165 m\u016f\u017ee n\u011bkdy dosahovat t\u00e9m\u011b\u0159 dvou metr\u016f. D\u011bti i dom\u00e1c\u00ed zv\u00ed\u0159ata, jako nap\u0159\u00edklad psi, se v\u00a0n\u00ed pak mohou velmi snadno ztratit. A to asi nen\u00ed n\u011bco, co by kdokoliv z\u00a0n\u00e1s cht\u011bl.Ov\u0161em to nen\u00ed jedin\u00fd probl\u00e9m, kter\u00fd neposekan\u00fd tr\u00e1vn\u00edk p\u0159in\u00e1\u0161\u00ed. Poskytuje toti\u017e mnohem v\u00edc prostoru pro nejr\u016fzn\u011bj\u0161\u00ed parazity, jako jsou nap\u0159\u00edklad kl\u00ed\u0161\u0165ata. Ta pak mohou p\u0159en\u00e1\u0161et nejr\u016fzn\u011bj\u0161\u00ed nemoci, nap\u0159\u00edklad limskou boreli\u00f3zu \u010di t\u0159eba z\u00e1n\u011bt mozkov\u00fdch blan, co\u017e rozhodn\u011b nen\u00ed \u017e\u00e1dn\u00e1 legrace. Jist\u011b, m\u016f\u017eeme nam\u00edtnout, \u017ee v\u00a0p\u0159\u00edrod\u011b tak\u00e9 nikdo tr\u00e1vu nese\u010de, a je to pravda. Ov\u0161em sta\u010d\u00ed se pod\u00edvat na divok\u00e1 zv\u00ed\u0159ata, kter\u00e1 na sob\u011b velmi \u010dasto maj\u00ed pr\u00e1v\u011b nejr\u016fzn\u011bj\u0161\u00ed parazity, abychom se ptali, zda to je skute\u010dn\u011b to, co chceme. Nehled\u011b na fakt, \u017ee n\u011bkter\u00e9 druhy rostlin i \u017eivo\u010dich\u016f, p\u0159edev\u0161\u00edm hmyzu, naopak pot\u0159ebuj\u00ed n\u00edzk\u00fd tr\u00e1vn\u00edk. Ale jak n\u00edzk\u00fd? Je jasn\u00e9, \u017ee oba extr\u00e9my jsou \u0161patn\u00e9. Stejn\u011b jako nen\u00ed vhodn\u00e9 m\u00edt zde dvoumetrov\u00e9 ro\u0161t\u00ed, nen\u00ed pro p\u0159\u00edrodu dobr\u00fd ani golfov\u00fd tr\u00e1vn\u00edk. Jist\u011b, chod\u00ed se po n\u011bm dob\u0159e, ale to je asi tak jedin\u00e1 jeho v\u00fdhoda. Pro p\u0159\u00edrodu se v\u00a0podstat\u011b jedn\u00e1 o pr\u00e1zdn\u00e9 m\u00edsto, a na to je nutn\u00e9 p\u0159i sek\u00e1n\u00ed myslet. Ide\u00e1ln\u00ed tedy je, aby byla tr\u00e1va vysok\u00e1 tak, aby mohly kv\u00e9st b\u011b\u017en\u00e9 rostlinn\u00e9 druhy, jako jsou pampeli\u0161ky, sedmikr\u00e1sky \u010di fialky, av\u0161ak dostate\u010dn\u011b n\u00edzk\u00e1 na to, aby n\u00e1m umo\u017e\u0148ovala pohodln\u00fd pohyb a nebr\u00e1nila na\u0161im aktivit\u00e1m. Ano, n\u011bkdy m\u016f\u017ee b\u00fdt t\u011b\u017ek\u00e9 takov\u00fd kompromis naj\u00edt, av\u0161ak v\u011b\u0159te, \u017ee t\u00edm va\u0161\u00ed zahrad\u011b jen prosp\u011bjete.                                                                                                                                                                                                                                                                                                                                                                                        3\/5 - (4 votes)        "},{"@context":"https:\/\/schema.org\/","@type":"BreadcrumbList","itemListElement":[{"@type":"ListItem","position":1,"name":"Jak vysok\u00e1 by m\u011bla b\u00fdt tr\u00e1va na zahrad\u011b","item":"https:\/\/www.ebezo.cz\/jak-vysoka-by-mela-byt-trava-na-zahrade\/#breadcrumbitem"}]}]