[{"@context":"https:\/\/schema.org\/","@type":"Article","@id":"https:\/\/www.ebezo.cz\/co-by-v-dome-nemelo-chybet\/#Article","mainEntityOfPage":"https:\/\/www.ebezo.cz\/co-by-v-dome-nemelo-chybet\/","headline":"Co by v dom\u011b nem\u011blo chyb\u011bt","name":"Co by v dom\u011b nem\u011blo chyb\u011bt","description":"Rekonstruujete nebo stav\u00edte nov\u00fd d\u016fm? M\u011bli byste v\u011bnovat pozornost nezbytn\u00fdm dopl\u0148k\u016fm, kter\u00e9 v\u00e1\u0161 d\u016fm u\u010din\u00ed atraktivn\u00ed a funk\u010dn\u00ed. Jedny z nejd\u016fle\u017eit\u011bj\u0161\u00edch \u010d\u00e1st\u00ed vnit\u0159n\u00edho vybaven\u00ed jsou interi\u00e9rov\u00e9 dve\u0159e. Slou\u017e\u00ed k vytvo\u0159en\u00ed soukrom\u00ed, udr\u017euj\u00ed v jednotliv\u00fdch m\u00edstnostech \u017e\u00e1danou teplotu (kter\u00e1 se m\u016f\u017ee li\u0161it v z\u00e1vislosti na funkci a u\u017eit\u00ed jednotliv\u00fdch m\u00edstnost\u00ed) a zabra\u0148uj\u00ed \u0161\u00ed\u0159en\u00ed hluku. D\u016fm by [&hellip;]","datePublished":"2025-08-30","dateModified":"2025-08-30","author":{"@type":"Person","@id":"https:\/\/www.ebezo.cz\/author\/#Person","name":"","url":"https:\/\/www.ebezo.cz\/author\/","identifier":1,"image":{"@type":"ImageObject","@id":"https:\/\/secure.gravatar.com\/avatar\/6eaf701939e92690bed32d6f2e2c0f9e1355f2e3837c1fb45fbfacf848239e2d?s=96&d=mm&r=g","url":"https:\/\/secure.gravatar.com\/avatar\/6eaf701939e92690bed32d6f2e2c0f9e1355f2e3837c1fb45fbfacf848239e2d?s=96&d=mm&r=g","height":96,"width":96}},"publisher":{"@type":"Organization","name":"ebezo.cz","logo":{"@type":"ImageObject","@id":"\/logo.png","url":"\/logo.png","width":600,"height":60}},"url":"https:\/\/www.ebezo.cz\/co-by-v-dome-nemelo-chybet\/","wordCount":171,"articleBody":" Rekonstruujete nebo stav\u00edte nov\u00fd d\u016fm? M\u011bli byste v\u011bnovat pozornost nezbytn\u00fdm dopl\u0148k\u016fm, kter\u00e9 v\u00e1\u0161 d\u016fm u\u010din\u00ed atraktivn\u00ed a funk\u010dn\u00ed. Jedny z nejd\u016fle\u017eit\u011bj\u0161\u00edch \u010d\u00e1st\u00ed vnit\u0159n\u00edho vybaven\u00ed jsou interi\u00e9rov\u00e9 dve\u0159e. Slou\u017e\u00ed k vytvo\u0159en\u00ed soukrom\u00ed, udr\u017euj\u00ed v jednotliv\u00fdch m\u00edstnostech \u017e\u00e1danou teplotu (kter\u00e1 se m\u016f\u017ee li\u0161it v z\u00e1vislosti na funkci a u\u017eit\u00ed jednotliv\u00fdch m\u00edstnost\u00ed) a zabra\u0148uj\u00ed \u0161\u00ed\u0159en\u00ed hluku. D\u016fm by bez t\u00e9to sou\u010d\u00e1sti vnit\u0159n\u00edho prostoru p\u016fsobil zvl\u00e1\u0161tn\u011b. M\u00e1me na v\u00fdb\u011br? Vyb\u00edr\u00e1me-li interi\u00e9rov\u00e9 dve\u0159e, tak ur\u010dit\u011b. Na trhu je nep\u0159ebern\u00e9 mno\u017estv\u00ed variant, jednoduch\u00e9 nebo dvouk\u0159\u00eddl\u00e9, pln\u00e9, \u010d\u00e1ste\u010dn\u011b nebo zcela prosklen\u00e9, s b\u011b\u017en\u00fdm zav\u00edr\u00e1n\u00edm nebo zasouvac\u00ed, s viditeln\u00fdm posuvn\u00fdm syst\u00e9mem nebo se zasouv\u00e1n\u00edm do pouzdra ve st\u011bn\u011b, v \u0161irok\u00e9m spektru barev a design\u016f. Vybere si opravdu ka\u017ed\u00fd.                                                                                                                                                                                                                                                                                                                                                                                                "},{"@context":"https:\/\/schema.org\/","@type":"BreadcrumbList","itemListElement":[{"@type":"ListItem","position":1,"name":"Co by v dom\u011b nem\u011blo chyb\u011bt","item":"https:\/\/www.ebezo.cz\/co-by-v-dome-nemelo-chybet\/#breadcrumbitem"}]}]