[{"@context":"https:\/\/schema.org\/","@type":"Article","@id":"https:\/\/www.ebezo.cz\/bratr-ma-motorku\/#Article","mainEntityOfPage":"https:\/\/www.ebezo.cz\/bratr-ma-motorku\/","headline":"Bratr m\u00e1 motorku","name":"Bratr m\u00e1 motorku","description":"M\u00e1te\u00a0r\u00e1di motocykly? V\u00a0dne\u0161n\u00ed dob\u011b je pr\u00fd velice \u017e\u00e1dan\u00e9, \u017ee lid\u00e9 si po\u0159izuj\u00ed motocykly, abych se p\u0159iznala, tak j\u00e1 bych se na motorce opravdu b\u00e1la jezdit. M\u016fj bratr m\u00e1 motorku, nem\u00e1 \u017e\u00e1dnou lehkou motorku. M\u016fj bratr nem\u00e1 ani t\u011b\u017ekou slo\u017eitou velkou motorku. Bratr\u00a0si po\u0159\u00eddil p\u0159ed dv\u011bma\u00a0lety takovou motorku, kter\u00e1 je takzvan\u011b st\u0159edn\u00ed velikosti. A\u00a0kdy\u017e rodi\u010de mu [&hellip;]","datePublished":"2023-12-30","dateModified":"2023-12-30","author":{"@type":"Person","@id":"https:\/\/www.ebezo.cz\/author\/#Person","name":"","url":"https:\/\/www.ebezo.cz\/author\/","identifier":1,"image":{"@type":"ImageObject","@id":"https:\/\/secure.gravatar.com\/avatar\/6eaf701939e92690bed32d6f2e2c0f9e1355f2e3837c1fb45fbfacf848239e2d?s=96&d=mm&r=g","url":"https:\/\/secure.gravatar.com\/avatar\/6eaf701939e92690bed32d6f2e2c0f9e1355f2e3837c1fb45fbfacf848239e2d?s=96&d=mm&r=g","height":96,"width":96}},"publisher":{"@type":"Organization","name":"ebezo.cz","logo":{"@type":"ImageObject","@id":"\/logo.png","url":"\/logo.png","width":600,"height":60}},"image":{"@type":"ImageObject","@id":"https:\/\/www.ebezo.cz\/wp-content\/uploads\/moto-2038836_1280.jpg","url":"https:\/\/www.ebezo.cz\/wp-content\/uploads\/moto-2038836_1280.jpg","height":0,"width":0},"url":"https:\/\/www.ebezo.cz\/bratr-ma-motorku\/","about":["Moto"],"wordCount":404,"articleBody":"M\u00e1te\u00a0r\u00e1di motocykly? V\u00a0dne\u0161n\u00ed dob\u011b je pr\u00fd velice \u017e\u00e1dan\u00e9, \u017ee lid\u00e9 si po\u0159izuj\u00ed motocykly, abych se p\u0159iznala, tak j\u00e1 bych se na motorce opravdu b\u00e1la jezdit. M\u016fj bratr m\u00e1 motorku, nem\u00e1 \u017e\u00e1dnou lehkou motorku. M\u016fj bratr nem\u00e1 ani t\u011b\u017ekou slo\u017eitou velkou motorku. Bratr\u00a0si po\u0159\u00eddil p\u0159ed dv\u011bma\u00a0lety takovou motorku, kter\u00e1 je takzvan\u011b st\u0159edn\u00ed velikosti. A\u00a0kdy\u017e rodi\u010de mu motorku rozmlouvali a zakazovali, tak bratr st\u00e1le nedal na jejich rady a st\u00e1le si motorku p\u0159\u00e1l. Nakonec si ji opravdu\u00a0po\u0159\u00eddil. Byla to motorka z druh\u00e9\u00a0ruky. Byla to motorka z autobazaru. On\u00a0b\u00e1snil o n\u00ed n\u011bkolik let, dokud si nakonec nepo\u0159\u00eddil, on m\u011bl \u0159idi\u010dsk\u00e9 opr\u00e1vn\u011bn\u00ed na skupinu B, ale i takhle si musel ud\u011blat n\u011bjak\u00e9 dopl\u0148kov\u00e9 zkou\u0161ky, aby mohl m\u00edt motorku. J\u00e1 sama se v tomhle ani nevyzn\u00e1m, tak\u017ee m\u011b tohle p\u0159i\u0161lo naprosto takov\u00e9 norm\u00e1ln\u00ed, \u017ee vlastn\u011b si n\u011bkdo mus\u00ed ud\u011blat odborn\u00e9 zkou\u0161ky na motocyklu. J\u00e1 jsem si \u0159ekla, \u017ee kdy\u017e m\u00e1m automobil, tak\u017ee bych si t\u0159eba mohla ud\u011blat n\u011bjak\u00e9 zkou\u0161ky na n\u011bjakou lehkou motorku. N\u011bco jako je scooter anebo sk\u00fatr vespa. J\u00e1 m\u00e1m sice doma elektrokolo a tak\u00e9 elektrokolob\u011b\u017eku, ale nen\u00ed to to \u00fapln\u011b sam\u00e9, jak jsem si p\u0159\u00e1la. Proto jsem si \u0159ekla, \u017ee nejlep\u0161\u00edm zp\u016fsobem, jak tak\u00e9 z\u00edskat motorku, tak\u017ee si ud\u011bl\u00e1m ten odborn\u00fd kurz. Pen\u00edze u\u017e jsem m\u011bla dan\u00e9 bokem. Tyto pen\u00edze jsem m\u011bla dan\u00e9, bu\u010fto na n\u011bjak\u00e9 lep\u0161\u00ed elektrokolo anebo pr\u00e1v\u011b na sk\u00fatr anebo Vespu. Jednodu\u0161e na takov\u00fd men\u0161\u00ed motocykl. A kdy\u017e jsem \u0159ekla rodi\u010d\u016fm, \u017ee se tak\u00e9 budu po\u0159izovat motocykl, tak se chytli za dlan\u011b a sklopili hlavu a kroutili hlavou. Pr\u00fd nejenom, \u017ee se p\u0159i zabije na motorce m\u016fj bratr, ale dokonce i j\u00e1. Nejv\u011bt\u0161\u00ed obavy m\u011bli se mnou, proto\u017ee v automobilu jsem u\u017e dvakr\u00e1t bourala. Bohu\u017eel jsem to narvala do stromu, a tak jsem si \u0159ekla, \u017ee t\u0159eba na motorce to bude v\u00edce bezpe\u010dn\u00e9, proto\u017ee scooter anebo vespa nejezd\u00ed\u00a0tak moc rychle jako automobil. Mysl\u00edm si, \u017ee si budu d\u00e1vat opravdu velik\u00fd pozor.\u00a0                                                                                                                                                                                                                                                                                                                                                                                        4\/5 - (5 votes)        "},{"@context":"https:\/\/schema.org\/","@type":"BreadcrumbList","itemListElement":[{"@type":"ListItem","position":1,"name":"Bratr m\u00e1 motorku","item":"https:\/\/www.ebezo.cz\/bratr-ma-motorku\/#breadcrumbitem"}]}]